{"id":3840,"date":"2026-03-14T13:57:01","date_gmt":"2026-03-14T16:57:01","guid":{"rendered":"https:\/\/jornaloarauto.com.br\/?p=3840"},"modified":"2026-03-14T13:57:01","modified_gmt":"2026-03-14T16:57:01","slug":"rotary-club-promove-campanha-de-descarte-de-eletroeletronicos","status":"publish","type":"post","link":"https:\/\/jornaloarauto.com.br\/index.php\/2026\/03\/14\/rotary-club-promove-campanha-de-descarte-de-eletroeletronicos\/","title":{"rendered":"Rotary Club promove campanha de descarte de eletroeletr\u00f4nicos"},"content":{"rendered":"\n<p>Uma campanha voltada \u00e0 destina\u00e7\u00e3o correta de res\u00edduos eletr\u00f4nicos est\u00e1 sendo realizada em Porto Feliz. O projeto Eletro Solid\u00e1rio tem como objetivo incentivar a popula\u00e7\u00e3o a descartar corretamente eletrodom\u00e9sticos e equipamentos eletr\u00f4nicos, contribuindo para a reciclagem e para a preserva\u00e7\u00e3o do meio ambiente.<\/p>\n\n\n\n<p>A iniciativa \u00e9 organizada pelo Rotary Club de Porto Feliz e busca promover a capta\u00e7\u00e3o, reciclagem e o tratamento adequado desses materiais, evitando que sejam descartados de forma irregular e acabem causando impactos ambientais.<\/p>\n\n\n\n<p>Durante a campanha, a popula\u00e7\u00e3o pode entregar diversos tipos de equipamentos. Entre os itens aceitos&nbsp;est\u00e3o eletrodom\u00e9sticos da chamada linha branca, como geladeiras, freezers, fog\u00f5es, m\u00e1quinas e micro-ondas; eletrodom\u00e9sticos de pequeno porte, como liquidificadores e ventiladores; equipamentos de tecnologia, como celulares, tablets, computadores, monitores, notebooks, impressoras e scanners; al\u00e9m de aparelhos de \u00e1udio e v\u00eddeo, como televisores, filmadoras, videocassetes e aparelhos de CD e DVD.<\/p>\n\n\n\n<p>Alguns materiais, por\u00e9m, n\u00e3o fazem parte da coleta. N\u00e3o ser\u00e3o recebidos l\u00e2mpadas, pilhas e baterias, equipamentos eletr\u00f4nicos que n\u00e3o sejam de uso dom\u00e9stico, aparelhos da \u00e1rea da sa\u00fade, toners e res\u00edduos com contamina\u00e7\u00e3o biol\u00f3gica.<\/p>\n\n\n\n<p>Os equipamentos podem ser entregues em tr\u00eas pontos de coleta na cidade: Foto Moraes, localizada na Rua Jos\u00e9 Bonif\u00e1cio, 189, no Centro; Construforte, na Avenida Governador M\u00e1rio Covas, 2660, no bairro S\u00e3o Marcos; e Disk Areia, na Avenida Dr. Antonio Pires de Almeida, 590, tamb\u00e9m no Centro.<\/p>\n\n\n\n<p>Caso o morador tenha equipamentos grandes ou n\u00e3o consiga realizar o transporte at\u00e9 um dos pontos de coleta, \u00e9 poss\u00edvel solicitar a retirada por meio de agendamento pelo WhatsApp (15) 98143-7100. A campanha tamb\u00e9m conta com apoio do Rotary Distrito 4621 e refor\u00e7a a import\u00e2ncia da participa\u00e7\u00e3o da popula\u00e7\u00e3o no descarte correto de lixo eletr\u00f4nico, contribuindo para um planeta mais sustent\u00e1vel.<\/p>\n","protected":false},"excerpt":{"rendered":"<p>Uma campanha voltada \u00e0 destina\u00e7\u00e3o correta de res\u00edduos eletr\u00f4nicos est\u00e1 sendo realizada em Porto Feliz. O projeto Eletro Solid\u00e1rio tem como objetivo incentivar a popula\u00e7\u00e3o a descartar corretamente eletrodom\u00e9sticos e equipamentos eletr\u00f4nicos, contribuindo para a reciclagem e para a preserva\u00e7\u00e3o do meio ambiente. A iniciativa \u00e9 organizada pelo Rotary Club de Porto Feliz e busca&#8230;<\/p>\n","protected":false},"author":1,"featured_media":3841,"comment_status":"open","ping_status":"open","sticky":false,"template":"","format":"standard","meta":{"footnotes":""},"categories":[16],"tags":[],"class_list":["post-3840","post","type-post","status-publish","format-standard","has-post-thumbnail","hentry","category-cotidiano"],"_links":{"self":[{"href":"https:\/\/jornaloarauto.com.br\/index.php\/wp-json\/wp\/v2\/posts\/3840","targetHints":{"allow":["GET"]}}],"collection":[{"href":"https:\/\/jornaloarauto.com.br\/index.php\/wp-json\/wp\/v2\/posts"}],"about":[{"href":"https:\/\/jornaloarauto.com.br\/index.php\/wp-json\/wp\/v2\/types\/post"}],"author":[{"embeddable":true,"href":"https:\/\/jornaloarauto.com.br\/index.php\/wp-json\/wp\/v2\/users\/1"}],"replies":[{"embeddable":true,"href":"https:\/\/jornaloarauto.com.br\/index.php\/wp-json\/wp\/v2\/comments?post=3840"}],"version-history":[{"count":0,"href":"https:\/\/jornaloarauto.com.br\/index.php\/wp-json\/wp\/v2\/posts\/3840\/revisions"}],"wp:featuredmedia":[{"embeddable":true,"href":"https:\/\/jornaloarauto.com.br\/index.php\/wp-json\/wp\/v2\/media\/3841"}],"wp:attachment":[{"href":"https:\/\/jornaloarauto.com.br\/index.php\/wp-json\/wp\/v2\/media?parent=3840"}],"wp:term":[{"taxonomy":"category","embeddable":true,"href":"https:\/\/jornaloarauto.com.br\/index.php\/wp-json\/wp\/v2\/categories?post=3840"},{"taxonomy":"post_tag","embeddable":true,"href":"https:\/\/jornaloarauto.com.br\/index.php\/wp-json\/wp\/v2\/tags?post=3840"}],"curies":[{"name":"wp","href":"https:\/\/api.w.org\/{rel}","templated":true}]}}