{"id":3845,"date":"2026-03-14T13:58:19","date_gmt":"2026-03-14T16:58:19","guid":{"rendered":"https:\/\/jornaloarauto.com.br\/?p=3845"},"modified":"2026-03-14T14:06:55","modified_gmt":"2026-03-14T17:06:55","slug":"unidade-de-saude-dr-celio-prado-e-reinaugurada","status":"publish","type":"post","link":"https:\/\/jornaloarauto.com.br\/index.php\/2026\/03\/14\/unidade-de-saude-dr-celio-prado-e-reinaugurada\/","title":{"rendered":"Unidade de Sa\u00fade Dr. C\u00e9lio Prado \u00e9 reinaugurada"},"content":{"rendered":"\n<p>Nesta sexta-feira (13), a Prefeitura de Porto Feliz reinaugurou a unidade da Estrat\u00e9gia de Sa\u00fade da Fam\u00edlia (ESF) Dr. C\u00e9lio Prado, localizada na Vila Progresso, ap\u00f3s passar por uma ampla reestrutura\u00e7\u00e3o. A reforma contemplou a troca do telhado, instala\u00e7\u00e3o de aparelhos de ar-condicionado, pintura completa do pr\u00e9dio, aquisi\u00e7\u00e3o de novos m\u00f3veis e a adequa\u00e7\u00e3o do p\u00e1tio de estacionamento.<\/p>\n\n\n\n<p>Durante a cerim\u00f4nia, o ex-prefeito Ant\u00f4nio C\u00e1ssio Habice Prado se emocionou ao relembrar a inaugura\u00e7\u00e3o da unidade, h\u00e1 25 anos, em 2000. Segundo ele, no in\u00edcio o atendimento era realizado em uma casa alugada e sem a estrutura adequada. C\u00e1ssio destacou a satisfa\u00e7\u00e3o em ver o posto totalmente reformado e ressaltou o trabalho da equipe de sa\u00fade que ajudou a formar e que, segundo ele, vem sendo mantida e fortalecida pela atual gest\u00e3o.<\/p>\n\n\n\n<p>Ele tamb\u00e9m destacou o legado do m\u00e9dico Dr. C\u00e9lio Prado, que d\u00e1 nome \u00e0 unidade, lembrando sua dedica\u00e7\u00e3o no atendimento \u00e0 popula\u00e7\u00e3o. Para C\u00e1ssio, o trabalho realizado pelo m\u00e9dico continua sendo refer\u00eancia e segue presente na atua\u00e7\u00e3o da fam\u00edlia e da atual administra\u00e7\u00e3o municipal.<\/p>\n\n\n\n<p>O secret\u00e1rio de Sa\u00fade, Alexandre Rinaldi, afirmou sentir grande orgulho em participar da reinaugura\u00e7\u00e3o da unidade e destacou que o espa\u00e7o reformado permitir\u00e1 oferecer um atendimento mais digno e humanizado \u00e0 popula\u00e7\u00e3o da regi\u00e3o, al\u00e9m de melhores condi\u00e7\u00f5es de trabalho para os profissionais da sa\u00fade.<\/p>\n\n\n\n<p>J\u00e1 o prefeito C\u00e9lio Peixoto agradeceu o trabalho do ex-prefeito, da equipe da Secretaria de Sa\u00fade e de todos os servidores envolvidos na reforma e no funcionamento da unidade. Durante seu discurso, ele tamb\u00e9m relembrou hist\u00f3rias sobre Dr. C\u00e9lio Prado, destacando a dedica\u00e7\u00e3o do m\u00e9dico, que muitas vezes atendia pacientes mesmo fora do hor\u00e1rio de trabalho.<\/p>\n","protected":false},"excerpt":{"rendered":"<p>Nesta sexta-feira (13), a Prefeitura de Porto Feliz reinaugurou a unidade da Estrat\u00e9gia de Sa\u00fade da Fam\u00edlia (ESF) Dr. C\u00e9lio Prado, localizada na Vila Progresso, ap\u00f3s passar por uma ampla reestrutura\u00e7\u00e3o. A reforma contemplou a troca do telhado, instala\u00e7\u00e3o de aparelhos de ar-condicionado, pintura completa do pr\u00e9dio, aquisi\u00e7\u00e3o de novos m\u00f3veis e a adequa\u00e7\u00e3o do&#8230;<\/p>\n","protected":false},"author":1,"featured_media":3859,"comment_status":"open","ping_status":"open","sticky":false,"template":"","format":"standard","meta":{"footnotes":""},"categories":[18],"tags":[],"class_list":["post-3845","post","type-post","status-publish","format-standard","has-post-thumbnail","hentry","category-saude"],"_links":{"self":[{"href":"https:\/\/jornaloarauto.com.br\/index.php\/wp-json\/wp\/v2\/posts\/3845","targetHints":{"allow":["GET"]}}],"collection":[{"href":"https:\/\/jornaloarauto.com.br\/index.php\/wp-json\/wp\/v2\/posts"}],"about":[{"href":"https:\/\/jornaloarauto.com.br\/index.php\/wp-json\/wp\/v2\/types\/post"}],"author":[{"embeddable":true,"href":"https:\/\/jornaloarauto.com.br\/index.php\/wp-json\/wp\/v2\/users\/1"}],"replies":[{"embeddable":true,"href":"https:\/\/jornaloarauto.com.br\/index.php\/wp-json\/wp\/v2\/comments?post=3845"}],"version-history":[{"count":0,"href":"https:\/\/jornaloarauto.com.br\/index.php\/wp-json\/wp\/v2\/posts\/3845\/revisions"}],"wp:featuredmedia":[{"embeddable":true,"href":"https:\/\/jornaloarauto.com.br\/index.php\/wp-json\/wp\/v2\/media\/3859"}],"wp:attachment":[{"href":"https:\/\/jornaloarauto.com.br\/index.php\/wp-json\/wp\/v2\/media?parent=3845"}],"wp:term":[{"taxonomy":"category","embeddable":true,"href":"https:\/\/jornaloarauto.com.br\/index.php\/wp-json\/wp\/v2\/categories?post=3845"},{"taxonomy":"post_tag","embeddable":true,"href":"https:\/\/jornaloarauto.com.br\/index.php\/wp-json\/wp\/v2\/tags?post=3845"}],"curies":[{"name":"wp","href":"https:\/\/api.w.org\/{rel}","templated":true}]}}