{"id":3847,"date":"2026-03-14T13:59:52","date_gmt":"2026-03-14T16:59:52","guid":{"rendered":"https:\/\/jornaloarauto.com.br\/?p=3847"},"modified":"2026-03-14T14:06:31","modified_gmt":"2026-03-14T17:06:31","slug":"tribunal-regional-eleitoral-rejeita-recurso-de-gerao-contra-eleicao-a-prefeito-de-celio-peixoto","status":"publish","type":"post","link":"https:\/\/jornaloarauto.com.br\/index.php\/2026\/03\/14\/tribunal-regional-eleitoral-rejeita-recurso-de-gerao-contra-eleicao-a-prefeito-de-celio-peixoto\/","title":{"rendered":"Tribunal Regional Eleitoral rejeita recurso de Ger\u00e3o contra elei\u00e7\u00e3o a prefeito de C\u00e9lio Peixoto"},"content":{"rendered":"\n<p><strong>Ao analisar o recurso do candidato derrotado Ger\u00e3o, o Tribunal concluiu que n\u00e3o houve comprova\u00e7\u00e3o das irregularidades alegadas<\/strong><\/p>\n\n\n\n<p>O Tribunal Regional Eleitoral de S\u00e3o Paulo (TRE-SP) rejeitou por unanimidade o recurso apresentado pelo candidato derrotado a prefeito de Porto Feliz em 2024, Jos\u00e9 Geraldo Pacheco da Cunha Filho, o Ger\u00e3o. Ap\u00f3s a senten\u00e7a em Porto Feliz contr\u00e1ria \u00e0s suas alega\u00e7\u00f5es, o candidato recorreu ao tribunal paulista. O caso foi analisado nesta quinta-feira (12) e os desembargadores decidiram, por unanimidade, manter a decis\u00e3o de primeira inst\u00e2ncia, seguindo o entendimento da Justi\u00e7a Eleitoral de Porto Feliz e julgando o recurso improcedente.<\/p>\n\n\n\n<p>Durante seu voto, a relatora do processo afirmou, de forma ir\u00f4nica, que a a\u00e7\u00e3o movida contra o atual prefeito reunia um \u201ccatad\u00e3o de den\u00fancias sem provas\u201d, ao destacar que as acusa\u00e7\u00f5es apresentadas n\u00e3o estavam acompanhadas de elementos suficientes para comprovar irregularidades eleitorais.<\/p>\n\n\n\n<p>A decis\u00e3o mant\u00e9m o resultado das elei\u00e7\u00f5es municipais de 2024 em Porto Feliz, que elegeram C\u00e9lio Peixoto dos Santos como prefeito e Lucas Rodrigues como vice-prefeito.<\/p>\n\n\n\n<p><strong>Relembre o caso<\/strong><\/p>\n\n\n\n<p>Em 2025, a Justi\u00e7a Eleitoral de Porto Feliz julgou improcedente a a\u00e7\u00e3o que pedia a anula\u00e7\u00e3o da elei\u00e7\u00e3o municipal de 2024. A senten\u00e7a foi assinada pela ju\u00edza eleitoral Raisa Alc\u00e2ntara Cruvinel Schneider, que analisou as alega\u00e7\u00f5es apresentadas pelo candidato derrotado Ger\u00e3o. Ele afirmava ter havido abuso de poder econ\u00f4mico e pol\u00edtico por parte da chapa vencedora.<\/p>\n\n\n\n<p>Na decis\u00e3o, a magistrada concluiu que algumas acusa\u00e7\u00f5es eram improcedentes e outras n\u00e3o foram comprovadas. Ela destacou que servidores apontados como participantes da campanha estavam afastados em f\u00e9rias ou licen\u00e7a; que a inaugura\u00e7\u00e3o da Esta\u00e7\u00e3o de Tratamento de \u00c1gua de Altos do Jequitib\u00e1 ocorreu antes do in\u00edcio oficial do per\u00edodo eleitoral; e que publica\u00e7\u00f5es em redes sociais partiram de perfis pessoais, e n\u00e3o institucionais, sem pedidos expl\u00edcitos de voto.<\/p>\n\n\n\n<p>A ju\u00edza tamb\u00e9m registrou que a distribui\u00e7\u00e3o de um impresso com obras do governo n\u00e3o utilizou recursos p\u00fablicos, que os gastos com publicidade oficial permaneceram dentro do limite legal e que eventos como o AgroPorto e o Festival de Inverno j\u00e1 faziam parte do calend\u00e1rio municipal, n\u00e3o tendo sido custeados com verbas adicionais.<\/p>\n\n\n\n<p>Em rela\u00e7\u00e3o \u00e0s den\u00fancias sobre suposta compra de votos e boca de urna, a senten\u00e7a apontou que n\u00e3o foram apresentadas provas robustas. Sobre a Santa Casa, a magistrada entendeu que as mudan\u00e7as no quadro m\u00e9dico tiveram car\u00e1ter t\u00e9cnico e que o aumento no atendimento beneficiou todos os mun\u00edcipes, n\u00e3o podendo ser interpretado como pr\u00e1tica eleitoral irregular.<\/p>\n","protected":false},"excerpt":{"rendered":"<p>Ao analisar o recurso do candidato derrotado Ger\u00e3o, o Tribunal concluiu que n\u00e3o houve comprova\u00e7\u00e3o das irregularidades alegadas O Tribunal Regional Eleitoral de S\u00e3o Paulo (TRE-SP) rejeitou por unanimidade o recurso apresentado pelo candidato derrotado a prefeito de Porto Feliz em 2024, Jos\u00e9 Geraldo Pacheco da Cunha Filho, o Ger\u00e3o. Ap\u00f3s a senten\u00e7a em Porto&#8230;<\/p>\n","protected":false},"author":1,"featured_media":3858,"comment_status":"open","ping_status":"open","sticky":false,"template":"","format":"standard","meta":{"footnotes":""},"categories":[6],"tags":[],"class_list":["post-3847","post","type-post","status-publish","format-standard","has-post-thumbnail","hentry","category-politica"],"_links":{"self":[{"href":"https:\/\/jornaloarauto.com.br\/index.php\/wp-json\/wp\/v2\/posts\/3847","targetHints":{"allow":["GET"]}}],"collection":[{"href":"https:\/\/jornaloarauto.com.br\/index.php\/wp-json\/wp\/v2\/posts"}],"about":[{"href":"https:\/\/jornaloarauto.com.br\/index.php\/wp-json\/wp\/v2\/types\/post"}],"author":[{"embeddable":true,"href":"https:\/\/jornaloarauto.com.br\/index.php\/wp-json\/wp\/v2\/users\/1"}],"replies":[{"embeddable":true,"href":"https:\/\/jornaloarauto.com.br\/index.php\/wp-json\/wp\/v2\/comments?post=3847"}],"version-history":[{"count":0,"href":"https:\/\/jornaloarauto.com.br\/index.php\/wp-json\/wp\/v2\/posts\/3847\/revisions"}],"wp:featuredmedia":[{"embeddable":true,"href":"https:\/\/jornaloarauto.com.br\/index.php\/wp-json\/wp\/v2\/media\/3858"}],"wp:attachment":[{"href":"https:\/\/jornaloarauto.com.br\/index.php\/wp-json\/wp\/v2\/media?parent=3847"}],"wp:term":[{"taxonomy":"category","embeddable":true,"href":"https:\/\/jornaloarauto.com.br\/index.php\/wp-json\/wp\/v2\/categories?post=3847"},{"taxonomy":"post_tag","embeddable":true,"href":"https:\/\/jornaloarauto.com.br\/index.php\/wp-json\/wp\/v2\/tags?post=3847"}],"curies":[{"name":"wp","href":"https:\/\/api.w.org\/{rel}","templated":true}]}}