{"id":3851,"date":"2026-03-14T14:01:58","date_gmt":"2026-03-14T17:01:58","guid":{"rendered":"https:\/\/jornaloarauto.com.br\/?p=3851"},"modified":"2026-03-14T14:01:58","modified_gmt":"2026-03-14T17:01:58","slug":"alistamento","status":"publish","type":"post","link":"https:\/\/jornaloarauto.com.br\/index.php\/2026\/03\/14\/alistamento\/","title":{"rendered":"ALISTAMENTO"},"content":{"rendered":"\n<p>A Junta de Servi\u00e7o Militar de Porto Feliz informou que est\u00e1 aberto o per\u00edodo de alistamento militar obrigat\u00f3rio para os jovens nascidos em 2008. O prazo para realizar o procedimento segue at\u00e9 o dia 30 de junho. O alistamento pode ser feito de forma online, por meio do site oficial do Ex\u00e9rcito Brasileiro, no endere\u00e7o alistamento.eb.mil.br, onde o jovem pode preencher os dados e concluir o cadastro. Quem preferir tamb\u00e9m pode realizar o atendimento presencialmente na Junta Militar de Porto Feliz, localizada na Rua Doutor C\u00e9lio Prado, 70, no Parque Residencial S\u00e3o Marcos, no pavimento superior, junto \u00e0 Secretaria de Obras e ao Setor de Transporte. O atendimento ocorre de segunda a sexta-feira, das 8h \u00e0s 12h. Para o alistamento, \u00e9 necess\u00e1rio apresentar RG, CPF, certid\u00e3o de nascimento e comprovante de resid\u00eancia. Mais informa\u00e7\u00f5es podem ser obtidas pelo telefone (15) 3261-9021 ou pelo e-mail juntamilitar@portofeliz.sp.gov.br<\/p>\n","protected":false},"excerpt":{"rendered":"<p>A Junta de Servi\u00e7o Militar de Porto Feliz informou que est\u00e1 aberto o per\u00edodo de alistamento militar obrigat\u00f3rio para os jovens nascidos em 2008. O prazo para realizar o procedimento segue at\u00e9 o dia 30 de junho. O alistamento pode ser feito de forma online, por meio do site oficial do Ex\u00e9rcito Brasileiro, no endere\u00e7o&#8230;<\/p>\n","protected":false},"author":1,"featured_media":0,"comment_status":"open","ping_status":"open","sticky":false,"template":"","format":"standard","meta":{"footnotes":""},"categories":[19],"tags":[],"class_list":["post-3851","post","type-post","status-publish","format-standard","hentry","category-publico"],"_links":{"self":[{"href":"https:\/\/jornaloarauto.com.br\/index.php\/wp-json\/wp\/v2\/posts\/3851","targetHints":{"allow":["GET"]}}],"collection":[{"href":"https:\/\/jornaloarauto.com.br\/index.php\/wp-json\/wp\/v2\/posts"}],"about":[{"href":"https:\/\/jornaloarauto.com.br\/index.php\/wp-json\/wp\/v2\/types\/post"}],"author":[{"embeddable":true,"href":"https:\/\/jornaloarauto.com.br\/index.php\/wp-json\/wp\/v2\/users\/1"}],"replies":[{"embeddable":true,"href":"https:\/\/jornaloarauto.com.br\/index.php\/wp-json\/wp\/v2\/comments?post=3851"}],"version-history":[{"count":0,"href":"https:\/\/jornaloarauto.com.br\/index.php\/wp-json\/wp\/v2\/posts\/3851\/revisions"}],"wp:attachment":[{"href":"https:\/\/jornaloarauto.com.br\/index.php\/wp-json\/wp\/v2\/media?parent=3851"}],"wp:term":[{"taxonomy":"category","embeddable":true,"href":"https:\/\/jornaloarauto.com.br\/index.php\/wp-json\/wp\/v2\/categories?post=3851"},{"taxonomy":"post_tag","embeddable":true,"href":"https:\/\/jornaloarauto.com.br\/index.php\/wp-json\/wp\/v2\/tags?post=3851"}],"curies":[{"name":"wp","href":"https:\/\/api.w.org\/{rel}","templated":true}]}}