{"id":3855,"date":"2026-03-14T14:04:50","date_gmt":"2026-03-14T17:04:50","guid":{"rendered":"https:\/\/jornaloarauto.com.br\/?p=3855"},"modified":"2026-03-14T14:04:50","modified_gmt":"2026-03-14T17:04:50","slug":"mae-cria-vaquinha-para-custear-tratamento-do-filho-de-1-ano","status":"publish","type":"post","link":"https:\/\/jornaloarauto.com.br\/index.php\/2026\/03\/14\/mae-cria-vaquinha-para-custear-tratamento-do-filho-de-1-ano\/","title":{"rendered":"M\u00e3e cria vaquinha para custear tratamento do filho de 1 ano"},"content":{"rendered":"\n<p>A m\u00e3e Isabely Vit\u00f3ria Santos Gomes est\u00e1 mobilizando uma campanha solid\u00e1ria para custear o tratamento do filho Isaque Gomes Barbosa, de 1 ano e dois meses, que nasceu prematuro extremo ap\u00f3s complica\u00e7\u00f5es durante a gesta\u00e7\u00e3o.<\/p>\n\n\n\n<p>O beb\u00ea foi diagnosticado com braquicefalia posicional, uma condi\u00e7\u00e3o caracterizada pelo achatamento na parte de tr\u00e1s da cabe\u00e7a, que acaba deixando o cr\u00e2nio mais largo e curto. O tratamento precisa ser iniciado o quanto antes para que a corre\u00e7\u00e3o tenha melhores resultados durante o desenvolvimento da crian\u00e7a.<\/p>\n\n\n\n<p>Segundo Isabely, a fam\u00edlia tentou conseguir o procedimento pelo Sistema \u00danico de Sa\u00fade (SUS), mas n\u00e3o obteve sucesso. Sem condi\u00e7\u00f5es financeiras para arcar com os custos, a m\u00e3e decidiu criar uma vaquinha online para arrecadar o valor necess\u00e1rio. \u201cTentamos o tratamento pelo SUS, mas infelizmente n\u00e3o conseguimos. O tempo para a corre\u00e7\u00e3o do cr\u00e2nio est\u00e1 no limite, ent\u00e3o decidimos fazer particular, mas n\u00e3o temos condi\u00e7\u00f5es de pagar\u201d, explicou.<\/p>\n\n\n\n<p>A campanha pede a colabora\u00e7\u00e3o da popula\u00e7\u00e3o para ajudar Isaque a realizar o tratamento e garantir um&nbsp;desenvolvimento saud\u00e1vel.<\/p>\n\n\n\n<p>As doa\u00e7\u00f5es podem ser feitas via Pix pela chave 5989240@vakinha.com.br ou diretamente pelo site da vaquinha:<\/p>\n\n\n\n<p><a href=\"https:\/\/www.vakinha.com.br\/vaquinha\/tratamento-do-isaque-isabely-vitoria-santos-gomes\" target=\"_blank\" rel=\"noopener\">https:\/\/www.vakinha.com.br\/vaquinha\/tratamento-do-isaque-isabely-vitoria-santos-gomes<\/a><\/p>\n\n\n\n<p>Quem quiser obter mais informa\u00e7\u00f5es ou falar diretamente com a m\u00e3e pode entrar em contato pelo WhatsApp (15) 9 9699-0975.<\/p>\n\n\n\n<p>A fam\u00edlia refor\u00e7a que qualquer contribui\u00e7\u00e3o, independentemente do valor, j\u00e1 faz diferen\u00e7a para que Isaque possa iniciar o tratamento dentro do prazo necess\u00e1rio.<\/p>\n","protected":false},"excerpt":{"rendered":"<p>A m\u00e3e Isabely Vit\u00f3ria Santos Gomes est\u00e1 mobilizando uma campanha solid\u00e1ria para custear o tratamento do filho Isaque Gomes Barbosa, de 1 ano e dois meses, que nasceu prematuro extremo ap\u00f3s complica\u00e7\u00f5es durante a gesta\u00e7\u00e3o. O beb\u00ea foi diagnosticado com braquicefalia posicional, uma condi\u00e7\u00e3o caracterizada pelo achatamento na parte de tr\u00e1s da cabe\u00e7a, que acaba&#8230;<\/p>\n","protected":false},"author":1,"featured_media":3856,"comment_status":"open","ping_status":"open","sticky":false,"template":"","format":"standard","meta":{"footnotes":""},"categories":[3],"tags":[],"class_list":["post-3855","post","type-post","status-publish","format-standard","has-post-thumbnail","hentry","category-solidariedade"],"_links":{"self":[{"href":"https:\/\/jornaloarauto.com.br\/index.php\/wp-json\/wp\/v2\/posts\/3855","targetHints":{"allow":["GET"]}}],"collection":[{"href":"https:\/\/jornaloarauto.com.br\/index.php\/wp-json\/wp\/v2\/posts"}],"about":[{"href":"https:\/\/jornaloarauto.com.br\/index.php\/wp-json\/wp\/v2\/types\/post"}],"author":[{"embeddable":true,"href":"https:\/\/jornaloarauto.com.br\/index.php\/wp-json\/wp\/v2\/users\/1"}],"replies":[{"embeddable":true,"href":"https:\/\/jornaloarauto.com.br\/index.php\/wp-json\/wp\/v2\/comments?post=3855"}],"version-history":[{"count":0,"href":"https:\/\/jornaloarauto.com.br\/index.php\/wp-json\/wp\/v2\/posts\/3855\/revisions"}],"wp:featuredmedia":[{"embeddable":true,"href":"https:\/\/jornaloarauto.com.br\/index.php\/wp-json\/wp\/v2\/media\/3856"}],"wp:attachment":[{"href":"https:\/\/jornaloarauto.com.br\/index.php\/wp-json\/wp\/v2\/media?parent=3855"}],"wp:term":[{"taxonomy":"category","embeddable":true,"href":"https:\/\/jornaloarauto.com.br\/index.php\/wp-json\/wp\/v2\/categories?post=3855"},{"taxonomy":"post_tag","embeddable":true,"href":"https:\/\/jornaloarauto.com.br\/index.php\/wp-json\/wp\/v2\/tags?post=3855"}],"curies":[{"name":"wp","href":"https:\/\/api.w.org\/{rel}","templated":true}]}}