{"id":4634,"date":"2026-08-30T13:28:40","date_gmt":"2026-08-30T16:28:40","guid":{"rendered":"https:\/\/jornaloarauto.com.br\/?p=4634"},"modified":"2026-08-30T13:28:42","modified_gmt":"2026-08-30T16:28:42","slug":"motorista-morre-apos-caminhonete-cair-em-ribanceira-na-marechal-rondon","status":"publish","type":"post","link":"https:\/\/jornaloarauto.com.br\/index.php\/2026\/08\/30\/motorista-morre-apos-caminhonete-cair-em-ribanceira-na-marechal-rondon\/","title":{"rendered":"Motorista morre ap\u00f3s caminhonete cair em ribanceira na Marechal Rondon"},"content":{"rendered":"\n<p class=\"wp-block-paragraph\">Um motorista morreu ap\u00f3s perder o controle de uma caminhonete e cair em uma ribanceira na Rodovia Marechal Rondon (SP-300), em Porto Feliz, nesta quinta-feira (27). O acidente ocorreu no km 141, no sentido oeste da rodovia.<br>Segundo informa\u00e7\u00f5es da Ag\u00eancia de Transporte do Estado de S\u00e3o Paulo (Artesp), a caminhonete seguia pela rodovia quando, por motivos ainda desconhecidos, o condutor perdeu o controle da dire\u00e7\u00e3o. O ve\u00edculo bateu contra um barranco e, em seguida, caiu na ribanceira.<br>O motorista n\u00e3o resistiu aos ferimentos e morreu no local. N\u00e3o houve registro de outras v\u00edtimas na ocorr\u00eancia.<\/p>\n","protected":false},"excerpt":{"rendered":"<p>Um motorista morreu ap\u00f3s perder o controle de uma caminhonete e cair em uma ribanceira na Rodovia Marechal Rondon (SP-300), em Porto Feliz, nesta quinta-feira (27). O acidente ocorreu no km 141, no sentido oeste da rodovia.Segundo informa\u00e7\u00f5es da Ag\u00eancia de Transporte do Estado de S\u00e3o Paulo (Artesp), a caminhonete seguia pela rodovia quando, por&#8230;<\/p>\n","protected":false},"author":1,"featured_media":4635,"comment_status":"open","ping_status":"open","sticky":false,"template":"","format":"standard","meta":{"footnotes":""},"categories":[11],"tags":[],"class_list":["post-4634","post","type-post","status-publish","format-standard","has-post-thumbnail","hentry","category-acidentes"],"_links":{"self":[{"href":"https:\/\/jornaloarauto.com.br\/index.php\/wp-json\/wp\/v2\/posts\/4634","targetHints":{"allow":["GET"]}}],"collection":[{"href":"https:\/\/jornaloarauto.com.br\/index.php\/wp-json\/wp\/v2\/posts"}],"about":[{"href":"https:\/\/jornaloarauto.com.br\/index.php\/wp-json\/wp\/v2\/types\/post"}],"author":[{"embeddable":true,"href":"https:\/\/jornaloarauto.com.br\/index.php\/wp-json\/wp\/v2\/users\/1"}],"replies":[{"embeddable":true,"href":"https:\/\/jornaloarauto.com.br\/index.php\/wp-json\/wp\/v2\/comments?post=4634"}],"version-history":[{"count":1,"href":"https:\/\/jornaloarauto.com.br\/index.php\/wp-json\/wp\/v2\/posts\/4634\/revisions"}],"predecessor-version":[{"id":4636,"href":"https:\/\/jornaloarauto.com.br\/index.php\/wp-json\/wp\/v2\/posts\/4634\/revisions\/4636"}],"wp:featuredmedia":[{"embeddable":true,"href":"https:\/\/jornaloarauto.com.br\/index.php\/wp-json\/wp\/v2\/media\/4635"}],"wp:attachment":[{"href":"https:\/\/jornaloarauto.com.br\/index.php\/wp-json\/wp\/v2\/media?parent=4634"}],"wp:term":[{"taxonomy":"category","embeddable":true,"href":"https:\/\/jornaloarauto.com.br\/index.php\/wp-json\/wp\/v2\/categories?post=4634"},{"taxonomy":"post_tag","embeddable":true,"href":"https:\/\/jornaloarauto.com.br\/index.php\/wp-json\/wp\/v2\/tags?post=4634"}],"curies":[{"name":"wp","href":"https:\/\/api.w.org\/{rel}","templated":true}]}}